{"id":23452,"date":"2020-10-21T16:17:32","date_gmt":"2020-10-21T16:17:32","guid":{"rendered":"https:\/\/www.cpge-brizeux.fr\/wordpress\/?p=23452"},"modified":"2020-10-21T16:26:28","modified_gmt":"2020-10-21T16:26:28","slug":"semaine-7-du-12-10-au-16-10","status":"publish","type":"post","link":"https:\/\/www.cpge-brizeux.fr\/wordpress\/pc\/physique-pc-2021\/semaine-7-du-12-10-au-16-10.html","title":{"rendered":"Semaine 7 : du 12\/10 au 16\/10"},"content":{"rendered":"<div style=\"border: 2px solid; border-radius: 6px; color: #dc143c; padding-top: 1px; padding-bottom: 1px; padding-left: 20px; margin: 1px;\">\n<p><b><big><span style=\"color: #dc143c;\">Programme de colles de la semaine 8 du 02\/11 au 06\/11<br \/>\n<\/span><\/big><\/b><\/p>\n<p><span style=\"color: #000000;\">&#8211; <strong>Thermodynamique 2 : Diffusion de particules<\/strong> (cours et exercices) \u2192 <a href=\"http:\/\/www.cpge-brizeux.fr\/wordpress\/wp-content\/uploads\/T2_plan.pdf\">T2_plan<\/a> <\/span><\/p>\n<p><span style=\"color: #000000;\">&#8211; <strong>Thermodynamique 3 : Diffusion thermique<\/strong> (cours et exercices) \u2192 <a style=\"color: #000000;\" href=\"http:\/\/www.cpge-brizeux.fr\/wordpress\/wp-content\/uploads\/T3_plan.pdf\">T3_plan<\/a><\/span><\/p>\n<p><span style=\"color: #000000;\">&#8211; <strong>Thermodynamique 4 : Rayonnement thermique<\/strong> (chapitre non termin\u00e9, une seule question de cours possible, voir ci-dessous) \u2192 <a style=\"color: #000000;\" href=\"http:\/\/www.cpge-brizeux.fr\/wordpress\/wp-content\/uploads\/T4_plan.pdf\">T4_plan<\/a><\/span><\/p>\n<p><span style=\"color: #000000;\">&#8211; <strong>Statique des fluides<\/strong> : r\u00e9visions de PCSI (cours et exercices)<br \/>\n<\/span><\/p>\n<p><span style=\"color: #000000;\">______<\/span><\/p>\n<p><span style=\"color: #000000;\">A l&rsquo;attention des interrogateurs : <span style=\"color: #ff6600;\">attention, pour T2 et T3, nous n&rsquo;avons pas encore corrig\u00e9 d&rsquo;exercices en g\u00e9om\u00e9trie cylindrique ou sph\u00e9rique. Vous pouvez en donner, mais en guidant les \u00e9tudiant(e)s et en \u00e9tant indulgent \ud83d\ude42<\/span> \/\/ suggestions de questions de cours :<br \/>\n<\/span><\/p>\n<ul>\n<li><span style=\"color: #000000;\">T2 : \u00c9tablir l&rsquo;\u00e9quation de diffusion de particules \u00e0 1D, en g\u00e9om\u00e9trie cart\u00e9sienne, sans terme source (en moins de 15 min, 8 min dans l&rsquo;id\u00e9al).<\/span><\/li>\n<li><span style=\"color: #000000;\">T2 : \u00c9crire l\u2019\u00e9quation de diffusion de particules (1D, g\u00e9om\u00e9trie cart\u00e9sienne, sans terme source) et l&rsquo;analyser en ODG pour relier les \u00e9chelles caract\u00e9ristiques spatiales et temporelles. AN.<\/span><\/li>\n<li><span style=\"color: #000000;\">T3 : \u00c9tablir l&rsquo;\u00e9quation de diffusion thermique \u00e0 1D, en g\u00e9om\u00e9trie cart\u00e9sienne, sans terme source (en moins de 15 min, 8 min dans l&rsquo;id\u00e9al).<\/span><\/li>\n<li><span style=\"color: #000000;\">T4 : Donner la d\u00e9finition d&rsquo;un corps noir et faire une application num\u00e9rique sur la loi de St\u00e9fan ou Wien (la loi \u00e9tant fournie).<\/span><\/li>\n<li><span style=\"color: #000000;\">SF : Exprimer l&rsquo;\u00e9volution de la pression avec l&rsquo;altitude P=P(z) dans le cas du mod\u00e8le de l&rsquo;atmosph\u00e8re isotherme.<\/span><\/li>\n<\/ul>\n<p><span style=\"color: #000000;\">______<\/span><br \/>\n<span style=\"color: #000000;\">A l&rsquo;attention des \u00e9tudiants :<\/span><\/p>\n<p><span style=\"color: #000000;\">&#8211; pour le chapitre T3, les exercices de base \u00e0 savoir faire pour cette semaine de colles sont : ex 1, 2, 3 et 4.<br \/>\n<\/span><\/p>\n<p><span style=\"color: #000000;\">&#8211; pour les r\u00e9visions de statique des fluides vous pouvez vous entra\u00eener sur des exercices \/ probl\u00e8mes de la fiche suivante : <a style=\"color: #000000;\" href=\"http:\/\/www.cpge-brizeux.fr\/wordpress\/wp-content\/uploads\/MF0_ex.pdf\">MF0_ex<\/a> (correction : <a style=\"color: #000000;\" href=\"http:\/\/www.cpge-brizeux.fr\/wordpress\/wp-content\/uploads\/MF0_ex_cor.pdf\">MF0_ex_cor<\/a> et <a style=\"color: #000000;\" href=\"http:\/\/www.cpge-brizeux.fr\/wordpress\/wp-content\/uploads\/MF0_pb2_cor.pdf\">MF0_pb2_cor<\/a>)<\/span><\/p>\n<p><span style=\"color: #000000;\">&#8211; Pour mercredi 04\/11 : T3 ex 5 et 6<br \/>\n<\/span><\/p>\n<\/div>\n<div style=\"border: 2px solid; border-radius: 6px; color: #800080; padding-top: 1px; padding-bottom: 1px; padding-left: 20px; margin: 1px;\">\n<p><span style=\"font-size: 14pt;\"><strong><span style=\"color: #800080;\">Travaux pratiques<\/span><br \/>\n<\/strong><\/span><\/p>\n<p><span style=\"color: #000000;\">Pas de TP de physique cette semaine<br \/>\n<\/span><\/p>\n<\/div>\n<div style=\"border: 2px solid; border-radius: 6px; color: #00008b; padding-top: 1px; padding-bottom: 1px; padding-left: 20px; margin: 1px;\">\n<p><span style=\"font-size: 14pt;\"><strong>Cours<\/strong><\/span><\/p>\n<p><span style=\"color: #000000;\">Thermodynamique 3 :Diffusion thermique (\u2192 fin)<br \/>\n<\/span><\/p>\n<p><span style=\"color: #000000;\">Thermodynamique 4 : Rayonnement thermique (\u2192 I.)<\/span><\/p>\n<p><span style=\"color: #000000;\">Pour compl\u00e9ter le chapitre :<\/span><\/p>\n<p><span style=\"color: #000000;\">&#8211; Rapport sp\u00e9cial du GIEC d&rsquo;octobre 2018 : r\u00e9sum\u00e9 \u00e0 l&rsquo;attention des d\u00e9cideurs politiques : <a style=\"color: #000000;\" href=\"http:\/\/www.cpge-brizeux.fr\/wordpress\/wp-content\/uploads\/sr15_spm_final.pdf\">sr15_spm_final<\/a><\/span><\/p>\n<p><span style=\"color: #000000;\">&#8211; Rapport sp\u00e9cial du GIEC de septembre 2019 (oc\u00e9an et cryosph\u00e8re) : r\u00e9sum\u00e9 \u00e0 l&rsquo;attention des d\u00e9cideurs politiques : <a href=\"https:\/\/report.ipcc.ch\/srocc\/pdf\/SROCC_SPM_Approved.pdf\">ici<\/a><\/span><\/p>\n<p><span style=\"color: #000000;\">&#8211; vid\u00e9o de la cha\u00eene Science \u00e9tonnante (David Louapre) sur le r\u00e9chauffement climatique (2015, 17 min) :<\/span><\/p>\n<p><iframe loading=\"lazy\" title=\"Faut-il croire au r\u00e9chauffement climatique ?\" width=\"593\" height=\"334\" src=\"https:\/\/www.youtube.com\/embed\/R6eywXdssMw?feature=oembed\" frameborder=\"0\" allow=\"accelerometer; autoplay; clipboard-write; encrypted-media; gyroscope; picture-in-picture; web-share\" referrerpolicy=\"strict-origin-when-cross-origin\" allowfullscreen><\/iframe><\/p>\n<p><span style=\"color: #000000;\">&#8211; si vous avez le temps, consultez les \u00e9crits \/ conf\u00e9rences vid\u00e9o tr\u00e8s instructifs(ives) de Jean-Marc Jancovici (enseignant \u00e0 Mines-Paritech, ing\u00e9nieur consultant en \u00e9nergie \/ climat) notamment sur les liens \u00e9nergie \/ climat \/ \u00e9conomie :<\/span><\/p>\n<p><a href=\"https:\/\/jancovici.com\/\">https:\/\/jancovici.com\/<\/a><\/p>\n<p><iframe loading=\"lazy\" title=\"Jancovici : Bienvenue dans le monde fini - ADEME - 13\/04\/2018\" width=\"593\" height=\"334\" src=\"https:\/\/www.youtube.com\/embed\/jC0IiJnuB2U?feature=oembed\" frameborder=\"0\" allow=\"accelerometer; autoplay; clipboard-write; encrypted-media; gyroscope; picture-in-picture; web-share\" referrerpolicy=\"strict-origin-when-cross-origin\" allowfullscreen><\/iframe><\/p>\n<p>&nbsp;<\/p>\n<\/div>\n<div style=\"border: 2px solid; border-radius: 6px; color: #00008b; padding-top: 1px; padding-bottom: 1px; padding-left: 20px; margin: 1px;\">\n<p><span style=\"font-size: 14pt;\"><strong>Travail \u00e0 faire<br \/>\n<\/strong><\/span><\/p>\n<p><span style=\"color: #000000;\">Pour mercredi : T2 ex 5 et 6<br \/>\n<\/span><\/p>\n<p><span style=\"color: #000000;\">Pour jeudi : T3 : T2 ex 7<br \/>\n<\/span><\/p>\n<p><span style=\"color: #000000;\">Pour vendredi : T3 ex 1, 2 et 3<br \/>\n<\/span><\/p>\n<\/div>\n<div style=\"border: 2px solid; border-radius: 6px; color: #2e8b57; padding-top: 1px; padding-bottom: 1px; padding-left: 20px; margin: 1px;\">\n<p><b><big><span style=\"color: #2e8b57;\">Travaux dirig\u00e9s<br \/>\n<\/span><\/big><\/b><\/p>\n<p><span style=\"color: #000000;\">TD T3<\/span><\/p>\n<\/div>\n","protected":false},"excerpt":{"rendered":"<p>Programme de colles de la semaine 8 du 02\/11 au 06\/11 &#8211; Thermodynamique 2 : Diffusion de particules (cours et exercices) \u2192 T2_plan &#8211; Thermodynamique 3 : Diffusion thermique (cours et exercices) \u2192 T3_plan &#8211; Thermodynamique 4 : Rayonnement thermique&hellip;<\/p>\n<p class=\"more-link-p\"><a class=\"more-link\" href=\"https:\/\/www.cpge-brizeux.fr\/wordpress\/pc\/physique-pc-2021\/semaine-7-du-12-10-au-16-10.html\">Read more &rarr;<\/a><\/p>\n","protected":false},"author":28,"featured_media":0,"comment_status":"closed","ping_status":"closed","sticky":false,"template":"","format":"standard","meta":{"footnotes":""},"categories":[294],"tags":[],"class_list":["post-23452","post","type-post","status-publish","format-standard","hentry","category-physique-pc-2021"],"_links":{"self":[{"href":"https:\/\/www.cpge-brizeux.fr\/wordpress\/wp-json\/wp\/v2\/posts\/23452","targetHints":{"allow":["GET"]}}],"collection":[{"href":"https:\/\/www.cpge-brizeux.fr\/wordpress\/wp-json\/wp\/v2\/posts"}],"about":[{"href":"https:\/\/www.cpge-brizeux.fr\/wordpress\/wp-json\/wp\/v2\/types\/post"}],"author":[{"embeddable":true,"href":"https:\/\/www.cpge-brizeux.fr\/wordpress\/wp-json\/wp\/v2\/users\/28"}],"replies":[{"embeddable":true,"href":"https:\/\/www.cpge-brizeux.fr\/wordpress\/wp-json\/wp\/v2\/comments?post=23452"}],"version-history":[{"count":5,"href":"https:\/\/www.cpge-brizeux.fr\/wordpress\/wp-json\/wp\/v2\/posts\/23452\/revisions"}],"predecessor-version":[{"id":23457,"href":"https:\/\/www.cpge-brizeux.fr\/wordpress\/wp-json\/wp\/v2\/posts\/23452\/revisions\/23457"}],"wp:attachment":[{"href":"https:\/\/www.cpge-brizeux.fr\/wordpress\/wp-json\/wp\/v2\/media?parent=23452"}],"wp:term":[{"taxonomy":"category","embeddable":true,"href":"https:\/\/www.cpge-brizeux.fr\/wordpress\/wp-json\/wp\/v2\/categories?post=23452"},{"taxonomy":"post_tag","embeddable":true,"href":"https:\/\/www.cpge-brizeux.fr\/wordpress\/wp-json\/wp\/v2\/tags?post=23452"}],"curies":[{"name":"wp","href":"https:\/\/api.w.org\/{rel}","templated":true}]}}