{"id":31927,"date":"2024-01-12T18:23:07","date_gmt":"2024-01-12T16:23:07","guid":{"rendered":"https:\/\/www.cpge-brizeux.fr\/wordpress\/?p=31927"},"modified":"2024-01-12T18:23:07","modified_gmt":"2024-01-12T16:23:07","slug":"semaine-15-du-08-01-au-12-01","status":"publish","type":"post","link":"https:\/\/www.cpge-brizeux.fr\/wordpress\/pc\/physique-pc-2324\/semaine-15-du-08-01-au-12-01.html","title":{"rendered":"Semaine 15 : du 08\/01 au 12\/01"},"content":{"rendered":"<div style=\"border: 2px solid; border-radius: 6px; color: #dc143c; padding-top: 1px; padding-bottom: 1px; padding-left: 20px; margin: 1px;\">\n<p><b><big><span style=\"color: #dc143c;\">Programme de colles de la semaine 16 du 15\/01 au 19\/01<\/span><\/big><\/b><\/p>\n<p><span style=\"color: #000000;\">&#8211; <strong>Optique 1<\/strong> : Mod\u00e8le scalaire des ondes lumineuses (exercices) \u2192<a href=\"https:\/\/www.cpge-brizeux.fr\/wordpress\/wp-content\/uploads\/O1_plan-2.pdf\">O1_plan<\/a><\/span><\/p>\n<p><span style=\"color: #000000;\">&#8211; <strong>Optique 2<\/strong> : Superposition de deux ondes lumineuses (cours et exercices) \u2192 <a style=\"color: #000000;\" href=\"https:\/\/www.cpge-brizeux.fr\/wordpress\/wp-content\/uploads\/O2_plan-1.pdf\">O2_plan<\/a><\/span><\/p>\n<p><span style=\"color: #000000;\">&#8211; <strong>Optique 3<\/strong> : \u00c9tude de diviseurs du front d&rsquo;onde : les trous d&rsquo;Young et ses g\u00e9n\u00e9ralisations (cours et exercices) \u2192 <a href=\"https:\/\/www.cpge-brizeux.fr\/wordpress\/wp-content\/uploads\/O3_plan-2.pdf\">O3_plan<\/a><\/span><\/p>\n<p><span style=\"color: #000000;\">&#8211; <strong>Optique 4<\/strong> : L&rsquo;interf\u00e9rom\u00e8tre de Michelson (cours) \u2192 <a href=\"https:\/\/www.cpge-brizeux.fr\/wordpress\/wp-content\/uploads\/O4_plan-1.pdf\">O4_plan<\/a><\/span><\/p>\n<p><span style=\"color: #000000;\">___<\/span><\/p>\n<p><span style=\"color: #ff0000;\"><em>Les \u00e9tudiantes et \u00e9tudiants doivent apporter leurs documents de questions de cours en colle (voir ci-dessous) :<\/em><\/span><\/p>\n<p><span style=\"color: #000000;\"><a href=\"https:\/\/www.cpge-brizeux.fr\/wordpress\/wp-content\/uploads\/Questions_de_cours-1.pdf\">Questions de cours PC<\/a> : n\u00b042 \u00e0 53<\/span><\/p>\n<p><span style=\"color: #000000;\">___<\/span><\/p>\n<p><span style=\"color: #000000;\">A l&rsquo;attention des \u00e9tudiant.e.s : pour mardi 16\/01 : O4 ex 1 et 2<br \/>\n<\/span><\/p>\n<\/div>\n<div style=\"border: 2px solid; border-radius: 6px; color: #800080; padding-top: 1px; padding-bottom: 1px; padding-left: 20px; margin: 1px;\">\n<p><span style=\"font-size: 14pt;\"><strong><span style=\"color: #800080;\">Travaux pratiques<\/span><br \/>\n<\/strong><\/span><\/p>\n<p><span style=\"color: #000000;\">TP Fentes d&rsquo;Young et r\u00e9seau<\/span><\/p>\n<\/div>\n<div style=\"border: 2px solid; border-radius: 6px; color: #00008b; padding-top: 1px; padding-bottom: 1px; padding-left: 20px; margin: 1px;\">\n<p><span style=\"font-size: 14pt;\"><strong>Cours<\/strong><\/span><\/p>\n<p><span style=\"color: #000000;\">Optique 3 : \u00c9tude de diviseurs du front d&rsquo;onde : les trous d&rsquo;Young et ses g\u00e9n\u00e9ralisations (\u2192 fin)<\/span><\/p>\n<p><span style=\"color: #000000;\">Optique 4 : L&rsquo;interf\u00e9rom\u00e8tre de Michelson (\u2192 fin)<\/span><\/p>\n<p>Pour compl\u00e9ter le cours :<\/p>\n<p>&#8211; article de 2016 sur l&rsquo;observation des ondes gravitationnelles issues de la fusion de deux trous noirs (plus pour que vous voyiez la forme de ce type d&rsquo;article : notez qu&rsquo;avec le nombre de contributeurs, c&rsquo;est tr\u00e8s int\u00e9ressant d&rsquo;avoir un nom de famille qui commence par \u00ab\u00a0Abb\u00a0\u00bb&#8230; ; notez sur les graphes le tr\u00e8s bon accord entre les observations et la th\u00e9orie de la relativit\u00e9 g\u00e9n\u00e9rale) : <a href=\"http:\/\/www.cpge-brizeux.fr\/wordpress\/wp-content\/uploads\/PhysRevLett.116.061102.pdf\">PhysRevLett.116.061102<\/a><\/p>\n<p>&#8211; \u00e0 mettre en lien avec la simulation suivante (35 s) :<\/p>\n<p><iframe loading=\"lazy\" title=\"Two Black Holes Merge into One\" width=\"593\" height=\"334\" src=\"https:\/\/www.youtube.com\/embed\/I_88S8DWbcU?feature=oembed\" frameborder=\"0\" allow=\"accelerometer; autoplay; clipboard-write; encrypted-media; gyroscope; picture-in-picture; web-share\" referrerpolicy=\"strict-origin-when-cross-origin\" allowfullscreen><\/iframe><\/p>\n<p>&#8211; conf\u00e9rence de presse (1h11min) \u00e0 l&rsquo;annonce de cette d\u00e9couverte extraordinaire. Notez la grande \u00e9motion de l&rsquo;astrophysicienne France Cordova \u00e0 0:00, puis du physicien th\u00e9oricien Kip Thorne qui a travaill\u00e9 pendant 30 ans sur ce projet (31:08). L&rsquo;annonce se fait 4:00. Des explications scientifiques sont distill\u00e9es dans le reste de la conf\u00e9rence de presse.<\/p>\n<p><iframe loading=\"lazy\" title=\"[LIVE] FIRST Gravitational Waves Detected | LIGO (Laser Interferometer Gravitational Observatory)\" width=\"593\" height=\"334\" src=\"https:\/\/www.youtube.com\/embed\/aEPIwEJmZyE?feature=oembed\" frameborder=\"0\" allow=\"accelerometer; autoplay; clipboard-write; encrypted-media; gyroscope; picture-in-picture; web-share\" referrerpolicy=\"strict-origin-when-cross-origin\" allowfullscreen><\/iframe><\/p>\n<p>&#8211; version vulgaris\u00e9e en 9 min :<\/p>\n<p><iframe loading=\"lazy\" title=\"The Absurdity of Detecting Gravitational Waves\" width=\"593\" height=\"334\" src=\"https:\/\/www.youtube.com\/embed\/iphcyNWFD10?feature=oembed\" frameborder=\"0\" allow=\"accelerometer; autoplay; clipboard-write; encrypted-media; gyroscope; picture-in-picture; web-share\" referrerpolicy=\"strict-origin-when-cross-origin\" allowfullscreen><\/iframe><\/p>\n<p>&#8211; Simulation de l&rsquo;interf\u00e9rom\u00e8tre de Michelson :<\/p>\n<p><a href=\"http:\/\/ressources.univ-lemans.fr\/AccesLibre\/UM\/Pedago\/physique\/02\/optiondu\/michelson.html\">http:\/\/ressources.univ-lemans.fr\/AccesLibre\/UM\/Pedago\/physique\/02\/optiondu\/michelson.html<\/a><\/p>\n<p>&#8211; de mani\u00e8re g\u00e9n\u00e9rale, on conseille vivement les simulations d&rsquo;optique de ce site :<\/p>\n<p><a href=\"http:\/\/ressources.univ-lemans.fr\/AccesLibre\/UM\/Pedago\/physique\/02\/\">http:\/\/ressources.univ-lemans.fr\/AccesLibre\/UM\/Pedago\/physique\/02\/<\/a><\/p>\n<\/div>\n<div style=\"border: 2px solid; border-radius: 6px; color: #00008b; padding-top: 1px; padding-bottom: 1px; padding-left: 20px; margin: 1px;\">\n<p><span style=\"font-size: 14pt;\"><strong>Travail \u00e0 faire<br \/>\n<\/strong><\/span><\/p>\n<p><span style=\"color: #000000;\">Pour mardi : DM, O3 ex 4 et 5<br \/>\n<\/span><\/p>\n<p><span style=\"color: #000000;\">Pour mercredi : O3 ex 6<br \/>\n<\/span><\/p>\n<p><span style=\"color: #000000;\">Pour vendredi : \/<br \/>\n<\/span><\/p>\n<\/div>\n<div style=\"border: 2px solid; border-radius: 6px; color: #2e8b57; padding-top: 1px; padding-bottom: 1px; padding-left: 20px; margin: 1px;\">\n<p><b><big><span style=\"color: #2e8b57;\">Travaux dirig\u00e9s<br \/>\n<\/span><\/big><\/b><\/p>\n<p><span style=\"color: #000000;\">TD O3<\/span><\/p>\n<\/div>\n","protected":false},"excerpt":{"rendered":"<p>Programme de colles de la semaine 16 du 15\/01 au 19\/01 &#8211; Optique 1 : Mod\u00e8le scalaire des ondes lumineuses (exercices) \u2192O1_plan &#8211; Optique 2 : Superposition de deux ondes lumineuses (cours et exercices) \u2192 O2_plan &#8211; Optique 3 :&hellip;<\/p>\n<p class=\"more-link-p\"><a class=\"more-link\" href=\"https:\/\/www.cpge-brizeux.fr\/wordpress\/pc\/physique-pc-2324\/semaine-15-du-08-01-au-12-01.html\">Read more &rarr;<\/a><\/p>\n","protected":false},"author":28,"featured_media":0,"comment_status":"closed","ping_status":"closed","sticky":false,"template":"","format":"standard","meta":{"footnotes":""},"categories":[363],"tags":[],"class_list":["post-31927","post","type-post","status-publish","format-standard","hentry","category-physique-pc-2324"],"_links":{"self":[{"href":"https:\/\/www.cpge-brizeux.fr\/wordpress\/wp-json\/wp\/v2\/posts\/31927","targetHints":{"allow":["GET"]}}],"collection":[{"href":"https:\/\/www.cpge-brizeux.fr\/wordpress\/wp-json\/wp\/v2\/posts"}],"about":[{"href":"https:\/\/www.cpge-brizeux.fr\/wordpress\/wp-json\/wp\/v2\/types\/post"}],"author":[{"embeddable":true,"href":"https:\/\/www.cpge-brizeux.fr\/wordpress\/wp-json\/wp\/v2\/users\/28"}],"replies":[{"embeddable":true,"href":"https:\/\/www.cpge-brizeux.fr\/wordpress\/wp-json\/wp\/v2\/comments?post=31927"}],"version-history":[{"count":1,"href":"https:\/\/www.cpge-brizeux.fr\/wordpress\/wp-json\/wp\/v2\/posts\/31927\/revisions"}],"predecessor-version":[{"id":31928,"href":"https:\/\/www.cpge-brizeux.fr\/wordpress\/wp-json\/wp\/v2\/posts\/31927\/revisions\/31928"}],"wp:attachment":[{"href":"https:\/\/www.cpge-brizeux.fr\/wordpress\/wp-json\/wp\/v2\/media?parent=31927"}],"wp:term":[{"taxonomy":"category","embeddable":true,"href":"https:\/\/www.cpge-brizeux.fr\/wordpress\/wp-json\/wp\/v2\/categories?post=31927"},{"taxonomy":"post_tag","embeddable":true,"href":"https:\/\/www.cpge-brizeux.fr\/wordpress\/wp-json\/wp\/v2\/tags?post=31927"}],"curies":[{"name":"wp","href":"https:\/\/api.w.org\/{rel}","templated":true}]}}